{"id":221,"__str__":"Principal: Projeto de Lei Ordin\u00e1ria n\u00ba 650 de 2023 - Anexada: Parecer Justi\u00e7a e Reda\u00e7\u00e3o n\u00ba 650 de 2023","link_detail_backend":"/materia/anexada/221","metadata":{},"data_anexacao":"2023-11-07","data_desanexacao":null,"materia_principal":428,"materia_anexada":436}