{"id":241,"__str__":"Reda\u00e7\u00e3o Final n\u00ba 1 de 2021","link_detail_backend":"/materia/241","metadata":{},"numero":1,"ano":2021,"numero_protocolo":null,"data_apresentacao":"2021-04-20","tipo_apresentacao":"E","data_publicacao":null,"numero_origem_externa":"","ano_origem_externa":null,"data_origem_externa":null,"apelido":"","dias_prazo":null,"data_fim_prazo":null,"em_tramitacao":false,"polemica":false,"objeto":"","complementar":false,"ementa":"Disp\u00f5e sobre a Verba Indenizat\u00f3ria Extraordin\u00e1ria de Combate \u00e0 COVID-19, e d\u00e1 outras provid\u00eancias.","indexacao":"","observacao":"","resultado":"","texto_original":"http://sapl.conquistadoeste.mt.leg.br/media/sapl/public/materialegislativa/2021/241/redacao-final-587.pdf","data_ultima_atualizacao":"2023-01-26T12:43:22.795904-03:00","ip":"190.123.71.3","ultima_edicao":"2023-01-26T12:43:22.632848-03:00","tipo":24,"regime_tramitacao":1,"tipo_origem_externa":null,"local_origem_externa":null,"user":4,"anexadas":[],"autores":[11]}